[{"@context":"https:\/\/schema.org\/","@type":"Article","@id":"https:\/\/www.abakus-cz.cz\/black-friday-po-cesku-a-klidne-i-v-utery\/#Article","mainEntityOfPage":"https:\/\/www.abakus-cz.cz\/black-friday-po-cesku-a-klidne-i-v-utery\/","headline":"Black Friday po \u010desku a klidn\u011b i v \u00fater\u00fd","name":"Black Friday po \u010desku a klidn\u011b i v \u00fater\u00fd","description":"Tak a je to za n\u00e1mi. Dlouho o\u010dek\u00e1van\u00fd a tis\u00edcovkami pouta\u010d\u016f dop\u0159edu avizovan\u00fd \u010cern\u00fd p\u00e1tek, i u n\u00e1s zn\u00e1m\u00fd jako Black Friday. Pokud jste n\u00e1hodou&hellip;","datePublished":"2019-12-01","dateModified":"2023-04-29","author":{"@type":"Person","@id":"https:\/\/www.abakus-cz.cz\/author\/#Person","name":"","url":"https:\/\/www.abakus-cz.cz\/author\/","identifier":1,"image":{"@type":"ImageObject","@id":"https:\/\/secure.gravatar.com\/avatar\/614460c3109f6ef46730ae87c5e2be623f574940fabcec1214dc0d8d5af688cf?s=96&d=mm&r=g","url":"https:\/\/secure.gravatar.com\/avatar\/614460c3109f6ef46730ae87c5e2be623f574940fabcec1214dc0d8d5af688cf?s=96&d=mm&r=g","height":96,"width":96}},"publisher":{"@type":"Organization","name":"abakus-cz.cz","logo":{"@type":"ImageObject","@id":"\/logo.png","url":"\/logo.png","width":600,"height":60}},"image":{"@type":"ImageObject","@id":"https:\/\/www.abakus-cz.cz\/wp-content\/uploads\/img_a363901_w4403_t1576598565.png","url":"https:\/\/www.abakus-cz.cz\/wp-content\/uploads\/img_a363901_w4403_t1576598565.png","height":0,"width":0},"url":"https:\/\/www.abakus-cz.cz\/black-friday-po-cesku-a-klidne-i-v-utery\/","about":["Spole\u010dnosti"],"wordCount":436,"articleBody":"Tak a je to za n\u00e1mi. Dlouho o\u010dek\u00e1van\u00fd a tis\u00edcovkami pouta\u010d\u016f dop\u0159edu avizovan\u00fd \u010cern\u00fd p\u00e1tek, i u n\u00e1s zn\u00e1m\u00fd jako Black Friday. Pokud jste n\u00e1hodou o tom je\u0161t\u011b nesly\u0161eli, tak v\u011bzte, \u017ee tradice tohoto dne vy\u0161la z\u00a0Ameriky, kde se udr\u017euje u\u017e od \u0161edes\u00e1t\u00fdch let minul\u00e9ho stolet\u00ed. Term\u00edn je v roce pouze jeden, a n\u00e1sleduje v\u017edy po Dni d\u00edk\u016fvzd\u00e1n\u00ed, kter\u00fd Amerika slav\u00ed posledn\u00ed listopadov\u00fd \u010dtvrtek. Jde o obrovskou slevovou prodejn\u00ed akci. V\u00a0praxi to znamen\u00e1, \u017ee obchody posledn\u00ed listopadov\u00fd p\u00e1tek slev\u00ed vybran\u00e9 zbo\u017e\u00ed a\u017e o n\u011bkolik des\u00edtek procent. Kdo toto n\u011bkdy za\u017eil na vlastn\u00ed k\u016f\u017ei p\u0159\u00edmo v\u00a0Americe, tak dob\u0159e v\u00ed, \u017ee n\u011bkter\u00e9 ceny klesnou i o 90% a slevuchtiv\u00ed lid\u00e9 dok\u00e1\u017e\u00ed prost\u00e1t klidn\u011b celou noc p\u0159ed obchodem, jen aby vychytali ty nejlep\u0161\u00ed \u201e\u0161peky\u201c. \u00a0Kdo toti\u017e absolvuje tla\u010denice, nekone\u010dn\u00e9 fronty a p\u00e1r bitek u reg\u00e1l\u016f, a poda\u0159\u00ed se mu dob\u0159e nakoupit, u\u0161et\u0159\u00ed nemal\u00e9 pen\u00edze.V roce 2011 se Black Friday, d\u00edky firm\u011b Apple, objevil poprv\u00e9 i v\u00a0\u010cesk\u00e9 republice. Okam\u017eit\u011b si z\u00edskal zna\u010dnou oblibu. I pro \u010desk\u00e9 z\u00e1kazn\u00edky se stal magnetem, kter\u00fd p\u0159itahuje lidi nakupovat a pro prodejce v\u00edtanou p\u0159\u00edle\u017eitost\u00ed vyd\u011blat velk\u00e9 pen\u00edze a vyprodat sklady. Ale to bychom nebyli ani my, \u010ce\u0161i, abychom si to neupravili do sv\u00fdch pom\u011br\u016f.Americk\u00e1 sleva v\u00a0tento den \u010din\u00ed pr\u016fm\u011brn\u011b 50 % z\u00a0aktu\u00e1ln\u00edch cen zbo\u017e\u00ed. U n\u00e1s v pr\u016fm\u011bru jen kolem 25 %. Jen\u017ee v\u00a0mnoha p\u0159\u00edpadech jsou jako p\u016fvodn\u00ed uv\u00e1d\u011bny ceny, za kter\u00e9 se nikdy dan\u00e9 zbo\u017e\u00ed neprod\u00e1valo, pop\u0159\u00edpad\u011b ceny z doby zaveden\u00ed v\u00fdrobk\u016f na trh jako novinky, kter\u00e1 v\u00a0sou\u010dasn\u00e9 dob\u011b ji\u017e d\u00e1vno neplat\u00ed. Suma sum\u00e1rum ve v\u00fdsledku o \u017e\u00e1dn\u00e9 z\u00e1vratn\u00e9 slevy ne\u0161lo. Nejedno zbo\u017e\u00ed se dalo dokonce koupit i levn\u011bji na jin\u00fdch e-shopech, kter\u00e9 se t\u00e9to masivn\u00ed slevov\u00e9 akce v\u016fbec ne\u00fa\u010dastnily.P\u0159esto v\u0161echno je tento den lidmi velmi vyhled\u00e1van\u00fd. Kamenn\u00e9 obchody praskaj\u00ed ve \u0161vech a internetov\u00e9 se pln\u00ed objedn\u00e1vkami jedna radost. Oproti b\u011b\u017en\u00e9mu p\u00e1tku statistiky vykazuj\u00ed n\u00e1r\u016fst tr\u017eeb o v\u00edce ne\u017e 250 %, co\u017e se na\u0161im prodejc\u016fm l\u00edb\u00ed tak moc, \u017ee navzdory americk\u00e9 listopadov\u00e9 tradici, po\u0159\u00e1daj\u00ed Black Friday i na ja\u0159e a v\u00a0l\u00e9t\u011b a \u00fapln\u011b klidn\u011b t\u0159eba i v \u00fater\u00fd.                                                                                                                                                                                                                                                                                                                                                                                        4.3\/5 - (12 votes)        "},{"@context":"https:\/\/schema.org\/","@type":"BreadcrumbList","itemListElement":[{"@type":"ListItem","position":1,"name":"Black Friday po \u010desku a klidn\u011b i v \u00fater\u00fd","item":"https:\/\/www.abakus-cz.cz\/black-friday-po-cesku-a-klidne-i-v-utery\/#breadcrumbitem"}]}]