[{"@context":"https:\/\/schema.org\/","@type":"Article","@id":"https:\/\/www.abakus-cz.cz\/danovy-subjekt-volic-hlas-ekonomicky-subjekt\/#Article","mainEntityOfPage":"https:\/\/www.abakus-cz.cz\/danovy-subjekt-volic-hlas-ekonomicky-subjekt\/","headline":"Da\u0148ov\u00fd subjekt = voli\u010d = hlas = ekonomick\u00fd subjekt","name":"Da\u0148ov\u00fd subjekt = voli\u010d = hlas = ekonomick\u00fd subjekt","description":"Zd\u00e1nliv\u011b nerovn\u00e1 rovnice r\u016fznorod\u00fdch pojm\u016f sk\u00fdt\u00e1 v\u00a0sob\u011b my\u0161lenku hlub\u0161\u00ed. Pokud se p\u0159edn\u011bji toti\u017e zamysl\u00edme nad ekonomikou st\u00e1tn\u00ed, nelze si bez st\u00e1tu a st\u00e1tn\u00edho apar\u00e1tu p\u0159edstavit&hellip;","datePublished":"2025-02-28","dateModified":"2023-04-29","author":{"@type":"Person","@id":"https:\/\/www.abakus-cz.cz\/author\/#Person","name":"","url":"https:\/\/www.abakus-cz.cz\/author\/","identifier":1,"image":{"@type":"ImageObject","@id":"https:\/\/secure.gravatar.com\/avatar\/614460c3109f6ef46730ae87c5e2be623f574940fabcec1214dc0d8d5af688cf?s=96&d=mm&r=g","url":"https:\/\/secure.gravatar.com\/avatar\/614460c3109f6ef46730ae87c5e2be623f574940fabcec1214dc0d8d5af688cf?s=96&d=mm&r=g","height":96,"width":96}},"publisher":{"@type":"Organization","name":"abakus-cz.cz","logo":{"@type":"ImageObject","@id":"\/logo.png","url":"\/logo.png","width":600,"height":60}},"image":{"@type":"ImageObject","@id":"https:\/\/www.abakus-cz.cz\/wp-content\/uploads\/img_a321096_w2135_t1532268247.png","url":"https:\/\/www.abakus-cz.cz\/wp-content\/uploads\/img_a321096_w2135_t1532268247.png","height":0,"width":0},"url":"https:\/\/www.abakus-cz.cz\/danovy-subjekt-volic-hlas-ekonomicky-subjekt\/","wordCount":453,"articleBody":"Zd\u00e1nliv\u011b nerovn\u00e1 rovnice r\u016fznorod\u00fdch pojm\u016f sk\u00fdt\u00e1 v\u00a0sob\u011b my\u0161lenku hlub\u0161\u00ed. Pokud se p\u0159edn\u011bji toti\u017e zamysl\u00edme nad ekonomikou st\u00e1tn\u00ed, nelze si bez st\u00e1tu a st\u00e1tn\u00edho apar\u00e1tu p\u0159edstavit st\u00e1t, kde ekonomick\u00e9 z\u00e1sahy a reformy jsou prov\u00e1d\u011bny bez souhlasu voli\u010d\u016f, kte\u0159\u00ed vol\u00ed prost\u0159ednictv\u00edm voleb sv\u00e9 zastupitele, co\u017e se odv\u00edj\u00ed p\u0159edev\u0161\u00edm od jejich soci\u00e1ln\u00edho, ale tak\u00e9 ekonomick\u00e9ho zam\u011b\u0159en\u00ed.Pravicov\u00e1 vl\u00e1da bude t\u00edhnout k\u00a0ni\u017e\u0161\u00edmu zdan\u011bn\u00ed a podpo\u0159e soukrom\u00e9ho z\u00e1jmu oproti levicov\u00e9 vl\u00e1d\u011b, kter\u00e1 se sp\u00ed\u0161e zam\u011b\u0159\u00ed na vy\u0161\u0161\u00ed dan\u011b, ale st\u00e1tem zaru\u010den\u00e9 slu\u017eby. N\u011bkde mezi je kompromis, kter\u00fd je mo\u017en\u00e1 a\u017e p\u0159\u00edli\u0161 l\u00edbiv\u00fd. Ka\u017edop\u00e1dn\u011b ekonomick\u00fd subjekt prost\u0159ednictv\u00edm demokratick\u00fdch voleb rozhoduje o ekonomick\u00e9m sm\u011brov\u00e1n\u00ed sv\u00e9ho st\u00e1tu. St\u0159edobodem takov\u00fdchto ot\u00e1zek je m\u00edra zdan\u011bn\u00ed a typ dan\u011b. Nen\u00ed v\u016fbec jednoduch\u00e9 stanovit cokoliv, co se t\u00fdk\u00e1 dan\u011b, ani\u017e by minim\u00e1ln\u011b \u010dtvrtina populace nepoc\u00edtila n\u011bjakou negativn\u00ed zm\u011bnu. P\u0159esto m\u016f\u017eeme sledovat jeden zaj\u00edmav\u00fd fenom\u00e9n, kter\u00fd se objevuje p\u0159i zm\u011bn\u011b v\u00fd\u0161e (dejme tomu p\u0159i zv\u00fd\u0161en\u00ed dan\u011b) a to je postupn\u00e9 navyk\u00e1n\u00ed obyvatelstva na novou da\u0148. By\u0165 zprvu se zd\u00e1, \u017ee ka\u017ed\u00fdm dnem vypukne revoluce, realita je takov\u00e1, \u017ee lid\u00e9 sice budou brblat, ale postupn\u011b se s\u00a0novou v\u00fd\u0161\u00ed dan\u011b sm\u00ed\u0159\u00ed a dokonce u\u017e jim to ani nebude d\u011blat probl\u00e9m.Lid\u00e9 dokonce naopak podporuj\u00ed vy\u0161\u0161\u00ed zdan\u011bn\u00ed, pokud je takov\u00e9 zv\u00fd\u0161en\u00ed ospravedln\u011bno jak\u00fdmkoliv d\u016fvodem, kter\u00fd zrovna lidem bude po chuti. Nap\u0159\u00edklad st\u00e1t by zv\u00fd\u0161il da\u0148ovou z\u00e1t\u011b\u017e na ob\u010dany, proto\u017ee chce po vzoru SPD zv\u00fd\u0161it n\u00e1klady na hrani\u010dn\u00ed ochranu, \u0159e\u0161en\u00ed migrantsk\u00e9 krize apod. \u2013 lid\u00e9 by dokonce i uv\u00edtali, nebo\u0165 \u0159e\u0161en\u00ed migrantsk\u00e9 krize by cht\u011bli ob\u011b strany barik\u00e1dy a za fale\u0161n\u00fd pocit bezpe\u010d\u00ed? Pro\u010d ne.\tOt\u00e1zkou je samotn\u00fd voli\u010dV\u00a0prv\u00e9 \u0159ad\u011b rozhoduje voli\u010d o da\u0148ov\u00e9m zv\u00fd\u0161en\u00ed \u010di sn\u00ed\u017een\u00ed v\u00a0moment vhozen\u00ed volebn\u00edho l\u00edstku do urny. Je v\u0161ak slo\u017eit\u00e9 cht\u00edt po politiku, kter\u00fd m\u00e1 tzv. voln\u00fd mand\u00e1t, aby plnil p\u0159\u00e1n\u00ed sv\u00fdch voli\u010d\u016f, tak jak oni by si je p\u0159edstavovali. Vezm\u011bme si soci\u00e1ln\u00edho k\u0159es\u0165ana z\u00a0chud\u0161\u00edch pom\u011br\u016f, tomu by nevadilo zvednout da\u0148 proto, aby v\u00edce pen\u011bz \u0161lo do podpory v\u011bc\u00ed soci\u00e1ln\u00edch, zat\u00edmco podnikatel by rad\u011bji ekonomiku nechal tak, jak je.                                                                                                                                                                                                                                                                                                                                                                                        4.4\/5 - (5 votes)        "},{"@context":"https:\/\/schema.org\/","@type":"BreadcrumbList","itemListElement":[{"@type":"ListItem","position":1,"name":"Da\u0148ov\u00fd subjekt = voli\u010d = hlas = ekonomick\u00fd subjekt","item":"https:\/\/www.abakus-cz.cz\/danovy-subjekt-volic-hlas-ekonomicky-subjekt\/#breadcrumbitem"}]}]