[{"@context":"https:\/\/schema.org\/","@type":"Article","@id":"https:\/\/www.abakus-cz.cz\/obklopte-se-doplnky-ktere-mate-radi\/#Article","mainEntityOfPage":"https:\/\/www.abakus-cz.cz\/obklopte-se-doplnky-ktere-mate-radi\/","headline":"Obklopte se dopl\u0148ky, kter\u00e9 m\u00e1te r\u00e1di","name":"Obklopte se dopl\u0148ky, kter\u00e9 m\u00e1te r\u00e1di","description":"Prohl\u00e9dn\u011bte si sv\u016fj domov a zodpov\u011bzte si ot\u00e1zku, zda se v n\u011bm c\u00edt\u00edte dob\u0159e, zda se okolo v\u00e1s nenach\u00e1zej\u00ed v\u011bci, kter\u00e9 vlastn\u011b ani nechcete. V\u011bci,&hellip;","datePublished":"2022-01-11","dateModified":"2023-04-29","author":{"@type":"Person","@id":"https:\/\/www.abakus-cz.cz\/author\/#Person","name":"","url":"https:\/\/www.abakus-cz.cz\/author\/","identifier":1,"image":{"@type":"ImageObject","@id":"https:\/\/secure.gravatar.com\/avatar\/614460c3109f6ef46730ae87c5e2be623f574940fabcec1214dc0d8d5af688cf?s=96&d=mm&r=g","url":"https:\/\/secure.gravatar.com\/avatar\/614460c3109f6ef46730ae87c5e2be623f574940fabcec1214dc0d8d5af688cf?s=96&d=mm&r=g","height":96,"width":96}},"publisher":{"@type":"Organization","name":"abakus-cz.cz","logo":{"@type":"ImageObject","@id":"\/logo.png","url":"\/logo.png","width":600,"height":60}},"image":{"@type":"ImageObject","@id":"https:\/\/www.abakus-cz.cz\/wp-content\/uploads\/lampa_dekorativni_pnYg0R.jpg","url":"https:\/\/www.abakus-cz.cz\/wp-content\/uploads\/lampa_dekorativni_pnYg0R.jpg","height":0,"width":0},"url":"https:\/\/www.abakus-cz.cz\/obklopte-se-doplnky-ktere-mate-radi\/","about":["Nakupov\u00e1n\u00ed"],"wordCount":450,"articleBody":"         Prohl\u00e9dn\u011bte si sv\u016fj domov a zodpov\u011bzte si ot\u00e1zku, zda se v n\u011bm c\u00edt\u00edte dob\u0159e, zda se okolo v\u00e1s nenach\u00e1zej\u00ed v\u011bci, kter\u00e9 vlastn\u011b ani nechcete. V\u011bci, kter\u00e9 v\u00e1m zn\u00e1m\u00ed a p\u0159\u00edbuzn\u00ed v\u011bnovali k narozenin\u00e1m \u010di jin\u00fd slavnostn\u00edm p\u0159\u00edle\u017eitostem a vy jste je vystavili, aby m\u011bli radost. Ale m\u00e1te radost i vy? Nenechte se uzurpovat, v\u017edy\u0165 vy bydl\u00edte ve sv\u00e9m byt\u011b, ne oni, tak vy byste se p\u0159edev\u0161\u00edm m\u011bli c\u00edtit jako doma, a to doslova. Zbavte se dopl\u0148k\u016f, kter\u00e9 v\u00e1m nic ne\u0159\u00edkaj\u00ed, ke kter\u00fdm nem\u00e1te \u017e\u00e1dn\u00fd vztah. Obklopte se nov\u00fdm dopl\u0148ky, kter\u00e9 v\u00e1\u0161 byt zase rozsv\u00edt\u00ed.  Dekora\u010dn\u00ed lampy mohou b\u00fdt t\u00edm nov\u00fdm za\u010d\u00e1tkem. Rozestavte si je do v\u0161ech voln\u00fdch kout\u016f va\u0161eho skv\u011bl\u00e9ho bytu a rozsvi\u0165te nejen v\u0161echny m\u00edstnosti, ale nov\u011b i va\u0161i du\u0161i. Nechte plynout sv\u011btlo do nov\u00e9ho prostoru, kter\u00fd jste provzdu\u0161nili t\u00edm, \u017ee jste se zbavili n\u00e1nosu, kter\u00fd v\u00e1s t\u00ed\u017eil. A od t\u00e9to doby p\u0159ij\u00edmejte do sv\u00e9ho obytn\u00e9ho prostoru jen to, co pohlad\u00ed va\u0161i du\u0161i a pot\u011b\u0161\u00ed va\u0161e srdce. A kdy\u017e u\u017e budete p\u0159id\u00e1vat do n\u00e1kupn\u00edho ko\u0161\u00edku dal\u0161\u00ed nezbytn\u00e9 drobnosti, pop\u0159em\u00fd\u0161lejte, jak by se v\u00e1m t\u0159eba hodila keramick\u00e1 so\u0161ka and\u011bla?  Mile se usm\u00edvaj\u00edc\u00ed and\u00edlek s rozta\u017een\u00fdmi k\u0159\u00eddly, jako by v\u00e1s cht\u011bl pod n\u011b schovat. And\u011bl\u00e9 tu byli a jsou od nepam\u011bti. Ne nadarmo je na\u0161i p\u0159edkov\u00e9 uct\u00edvali a v\u00e1\u017eili si jich. Dnes u\u017e asi nebudeme chodit ka\u017edou ned\u011bli do kostela. Kde bychom na to brali \u010das?? Nehled\u011b na to, \u017ee n\u011bkdo na and\u011bly ani nev\u011b\u0159\u00ed, ale v\u0161ichni v\u011b\u0159\u00edme na \u201en\u011bco\u201c, co \u0159\u00edd\u00ed na\u0161e kroky. N\u011bkdo tomu \u0159\u00edk\u00e1 Vesm\u00edr, jin\u00fd Buddha nebo vesm\u00edrn\u00e1 energie anebo tak\u00e9 and\u00edlci. V\u0161ichni n\u011b\u010demu v\u011b\u0159\u00edme a na\u0161e v\u00edra n\u00e1s uklid\u0148uje. Stejn\u011b tak, jako va\u0161i du\u0161i mohou uklidnit nov\u011b po\u0159\u00edzen\u00e9 bytov\u00e9 dopl\u0148ky, kter\u00fdmi jste si ud\u011blali radost. A co v\u00edc \u2013 pohled na nov\u011b rozsv\u00edcenou lampu, pod kterou se pohodln\u011b usadil v\u00e1\u0161 nov\u00fd str\u00e1\u017ece du\u0161e, keramick\u00fd mil\u00fd usm\u00edvaj\u00edc\u00ed se and\u00edlek \u2013 vytvo\u0159\u00ed op\u011bt vz\u00e1cnou pohodu a \u00fatulnost va\u0161eho domova, kter\u00fd bude op\u011bt pro v\u00e1s skute\u010dn\u00fdm domovem.                                                                                                                                                                                                                                                                                                                                                                                          3.4\/5 - (11 votes)        "},{"@context":"https:\/\/schema.org\/","@type":"BreadcrumbList","itemListElement":[{"@type":"ListItem","position":1,"name":"Obklopte se dopl\u0148ky, kter\u00e9 m\u00e1te r\u00e1di","item":"https:\/\/www.abakus-cz.cz\/obklopte-se-doplnky-ktere-mate-radi\/#breadcrumbitem"}]}]