[{"@context":"https:\/\/schema.org\/","@type":"Article","@id":"https:\/\/www.abakus-cz.cz\/pres-den-budete-jiste-obdivovat-pamatky\/#Article","mainEntityOfPage":"https:\/\/www.abakus-cz.cz\/pres-den-budete-jiste-obdivovat-pamatky\/","headline":"P\u0159es den budete jist\u011b obdivovat pam\u00e1tky","name":"P\u0159es den budete jist\u011b obdivovat pam\u00e1tky","description":"Bezubytovny Praha se neobejdou ani obdivovatel\u00e9 pam\u00e1tek v na\u0161em hlavn\u00edm m\u011bst\u011b, kte\u0159\u00ed ka\u017ed\u00fd rok podnikaj\u00ed n\u011bkolikr\u00e1t ro\u010dn\u011b prodlou\u017een\u00e9 v\u00edkendy do t\u00e9to oblasti, ve kter\u00e9 je&hellip;","datePublished":"2025-09-02","dateModified":"2025-09-02","author":{"@type":"Person","@id":"https:\/\/www.abakus-cz.cz\/author\/#Person","name":"","url":"https:\/\/www.abakus-cz.cz\/author\/","identifier":1,"image":{"@type":"ImageObject","@id":"https:\/\/secure.gravatar.com\/avatar\/614460c3109f6ef46730ae87c5e2be623f574940fabcec1214dc0d8d5af688cf?s=96&d=mm&r=g","url":"https:\/\/secure.gravatar.com\/avatar\/614460c3109f6ef46730ae87c5e2be623f574940fabcec1214dc0d8d5af688cf?s=96&d=mm&r=g","height":96,"width":96}},"publisher":{"@type":"Organization","name":"abakus-cz.cz","logo":{"@type":"ImageObject","@id":"\/logo.png","url":"\/logo.png","width":600,"height":60}},"url":"https:\/\/www.abakus-cz.cz\/pres-den-budete-jiste-obdivovat-pamatky\/","wordCount":175,"articleBody":"Bezubytovny Praha se neobejdou ani obdivovatel\u00e9 pam\u00e1tek v na\u0161em hlavn\u00edm m\u011bst\u011b, kte\u0159\u00ed ka\u017ed\u00fd rok podnikaj\u00ed n\u011bkolikr\u00e1t ro\u010dn\u011b prodlou\u017een\u00e9 v\u00edkendy do t\u00e9to oblasti, ve kter\u00e9 je neust\u00e1le co objevovat a pozn\u00e1vat. \u010clov\u011bku u\u017e mo\u017en\u00e1 p\u0159ipad\u00e1, \u017ee zn\u00e1 v\u0161echna z\u00e1kout\u00ed a uli\u010dky, ale v\u017edy naraz\u00ed na n\u011bjak\u00fd nov\u00fd kout, kter\u00fd ho zaujme a p\u0159esv\u011bd\u010d\u00ed, \u017ee je nutn\u00e9 si v\u00fdlet op\u011bt po n\u011bjak\u00e9m \u010dase zopakovat. Za kulturou do hlavn\u00edho m\u011bsta Bez ubytovny Praha bude t\u011b\u017ek\u00e9 nav\u0161t\u00edvit v na\u0161em hlavn\u00edm m\u011bst\u011b n\u011bjakou vyhl\u00e1\u0161enou kulturn\u00ed akci, kter\u00e1 se t\u0159eba kon\u00e1 ve ve\u010dern\u00edch hodin\u00e1ch a V\u00e1m se prost\u011b nechce po takov\u00e9m kr\u00e1sn\u00e9m kulturn\u00edm z\u00e1\u017eitku cestovat t\u0159eba n\u011bkolik stovek kilometr\u016f do Va\u0161eho domova. Vhodn\u011bj\u0161\u00ed bude zaplatit si zde n\u011bjak\u00fd levn\u00fd nocleh a v\u0161e si n\u00e1le\u017eit\u011b u\u017e\u00edt.                                                                                                                                                                                                                                                                                                                                                                                                "},{"@context":"https:\/\/schema.org\/","@type":"BreadcrumbList","itemListElement":[{"@type":"ListItem","position":1,"name":"P\u0159es den budete jist\u011b obdivovat pam\u00e1tky","item":"https:\/\/www.abakus-cz.cz\/pres-den-budete-jiste-obdivovat-pamatky\/#breadcrumbitem"}]}]