[{"@context":"https:\/\/schema.org\/","@type":"Article","@id":"https:\/\/www.abakus-cz.cz\/zaridime-vse-potrebne\/#Article","mainEntityOfPage":"https:\/\/www.abakus-cz.cz\/zaridime-vse-potrebne\/","headline":"Za\u0159\u00edd\u00edme v\u0161e pot\u0159ebn\u00e9","name":"Za\u0159\u00edd\u00edme v\u0161e pot\u0159ebn\u00e9","description":"\u010cek\u00e1 v\u00e1s ten nejkr\u00e1sn\u011bj\u0161\u00ed den v \u017eivot\u011b? \u010casto si \u0159\u00edk\u00e1te, \u017ee by to cht\u011blo n\u011bkoho, kdo se postar\u00e1 o hostinu a v\u00fdzdobu prostor, proto\u017ee byste&hellip;","datePublished":"2023-07-25","dateModified":"2023-07-25","author":{"@type":"Person","@id":"https:\/\/www.abakus-cz.cz\/author\/#Person","name":"","url":"https:\/\/www.abakus-cz.cz\/author\/","identifier":1,"image":{"@type":"ImageObject","@id":"https:\/\/secure.gravatar.com\/avatar\/614460c3109f6ef46730ae87c5e2be623f574940fabcec1214dc0d8d5af688cf?s=96&d=mm&r=g","url":"https:\/\/secure.gravatar.com\/avatar\/614460c3109f6ef46730ae87c5e2be623f574940fabcec1214dc0d8d5af688cf?s=96&d=mm&r=g","height":96,"width":96}},"publisher":{"@type":"Organization","name":"abakus-cz.cz","logo":{"@type":"ImageObject","@id":"\/logo.png","url":"\/logo.png","width":600,"height":60}},"url":"https:\/\/www.abakus-cz.cz\/zaridime-vse-potrebne\/","wordCount":240,"articleBody":"\u010cek\u00e1 v\u00e1s ten nejkr\u00e1sn\u011bj\u0161\u00ed den v \u017eivot\u011b? \u010casto si \u0159\u00edk\u00e1te, \u017ee by to cht\u011blo n\u011bkoho, kdo se postar\u00e1 o hostinu a v\u00fdzdobu prostor, proto\u017ee byste na to sami z\u0159ejm\u011b nesta\u010dili a to hlavn\u011b z \u010dasov\u00fdch d\u016fvod\u016f? Proto jsme tu my a r\u00e1di v\u00e1m pom\u016f\u017eeme se v\u0161\u00edm, co budete cht\u00edt. Za\u0159\u00eddit m\u016f\u017eeme tak\u00e9 svatebn\u00ed ob\u0159ad a d\u00e1le se postar\u00e1me o hostinu, ale v na\u0161ich slu\u017eb\u00e1ch nebude chyb\u011bt ani ubytov\u00e1n\u00ed host\u016f! Pokud budete m\u00edt z\u00e1jem, je zde mo\u017enost vyu\u017e\u00edt konzultac\u00ed se svatebn\u00ed poradkyn\u00ed.Kvalitn\u00ed slu\u017ebyAbyste byli opravdu \u0161\u0165astni, postar\u00e1me se i o dokonalou kv\u011btinovou v\u00fdzdobu, kter\u00e1 nadchne nejen v\u00e1s samotn\u00e9, ale tak\u00e9 v\u0161echny hosty, kter\u00e9 budete na sv\u00e9m v\u00fdznamn\u00e9m dni m\u00edt! \u0158\u00edk\u00e1te ale, \u017ee milujete \u017eivou hudbu a rozhodn\u011b byste ji cht\u011bli p\u0159i takov\u00e9 p\u0159\u00edle\u017eitosti poslouchat? I to dok\u00e1\u017eeme za\u0159\u00eddit, sta\u010d\u00ed se domluvit na tom, jakou kapelu byste r\u00e1di poslouchali! V p\u0159\u00edpad\u011b z\u00e1jmu v\u00e1m m\u016f\u017eeme d\u00e1t n\u011bkolik tip\u016f, kde si p\u016fj\u010dit nebo koupit \u0161aty a tak\u00e9 to, kam si zaj\u00edt pro ten nejlep\u0161\u00ed a nejchutn\u011bj\u0161\u00ed dort. Tak nev\u00e1hejte a dop\u0159ejte si to, \u017ee bude va\u0161e svatba dokonal\u00e1!                                                                                                                                                                                                                                                                                                                                                                                        4.4\/5 - (5 votes)        "},{"@context":"https:\/\/schema.org\/","@type":"BreadcrumbList","itemListElement":[{"@type":"ListItem","position":1,"name":"Za\u0159\u00edd\u00edme v\u0161e pot\u0159ebn\u00e9","item":"https:\/\/www.abakus-cz.cz\/zaridime-vse-potrebne\/#breadcrumbitem"}]}]